{"id":87,"date":"2023-03-02T17:39:38","date_gmt":"2023-03-02T20:39:38","guid":{"rendered":"https:\/\/clubalemandemendoza.com.ar\/actualidad\/?p=87"},"modified":"2023-03-02T17:41:17","modified_gmt":"2023-03-02T20:41:17","slug":"arranca-una-nueva-ilusion-para-aleman-b","status":"publish","type":"post","link":"https:\/\/clubalemandemendoza.com.ar\/actualidad\/2023\/03\/02\/arranca-una-nueva-ilusion-para-aleman-b\/","title":{"rendered":"Arranca una nueva ilusi\u00f3n para Alem\u00e1n \u00abB\u00bb"},"content":{"rendered":"\n<p><strong>Este viernes inicia el Torneo Apertura de Futsal con un partido imperdible<\/strong>.<\/p>\n\n\n\n<!--more-->\n\n\n\n<p>El viernes 3 de marzo inicia el <strong>Torneo Apertura<\/strong> de <strong>Futsal<\/strong> y <strong>Alem\u00e1n \u00abB\u00bb<\/strong> ser\u00e1 protagonista de uno de los choques m\u00e1s atrapantes de la fecha 1. Por f\u00edn se termin\u00f3 la espera y la pelota vuelve a rodar. <\/p>\n\n\n\n<p>Los dirigidos por<strong> Gabriel Robledo<\/strong> han tenido una dura pretemporada y sumaron minutos de actividad en el <strong>Torneo Vendimia<\/strong>, en el cual acaban de clasificarse a <strong>Cuartos de Final<\/strong> para enfrentarse a <strong>Talleres<\/strong>. A pesar de la buena racha en el certamen veraniego, los <strong>Teutones<\/strong> ponen primera y empiezan a jugar oficialmente por los puntos.<\/p>\n\n\n\n<p>En la primera jornada, los Albos deber\u00e1n visitar al siempre duro <strong>Don Orione<\/strong>, otro de los candidatos a llevarse el t\u00edtulo a mitad de a\u00f1o. El encuentro comenzar\u00e1 a las <em>21:30 en el Microestadio Don Orione. <\/em><\/p>\n\n\n\n<p><strong>Alem\u00e1n<\/strong> buscar\u00e1 mejorar su performance con respecto al <strong>Torneo Clausura<\/strong>, campeonato en el cual el equipo de<strong> Dorrego<\/strong> no pudo superar la primera fase. <\/p>\n\n\n\n<p>Con respecto al resto de las divisiones, la pr\u00f3xima semana ser\u00e1 el turno del inicio de <strong>Alem\u00e1n \u00abA\u00bb<\/strong>, luego de la rama \u00abC\u00bb, la Femenina (que debuta en primera divisi\u00f3n) y las inferiores. <\/p>\n","protected":false},"excerpt":{"rendered":"<p>Este viernes inicia el Torneo Apertura de Futsal con un partido imperdible.<\/p>\n","protected":false},"author":3,"featured_media":88,"comment_status":"closed","ping_status":"","sticky":false,"template":"","format":"standard","meta":{"site-container-style":"default","site-container-layout":"default","site-sidebar-layout":"default","disable-article-header":"default","disable-site-header":"default","disable-site-footer":"default","disable-content-area-spacing":"default","footnotes":""},"categories":[5],"tags":[],"class_list":["post-87","post","type-post","status-publish","format-standard","has-post-thumbnail","hentry","category-futsal"],"_links":{"self":[{"href":"https:\/\/clubalemandemendoza.com.ar\/actualidad\/wp-json\/wp\/v2\/posts\/87","targetHints":{"allow":["GET"]}}],"collection":[{"href":"https:\/\/clubalemandemendoza.com.ar\/actualidad\/wp-json\/wp\/v2\/posts"}],"about":[{"href":"https:\/\/clubalemandemendoza.com.ar\/actualidad\/wp-json\/wp\/v2\/types\/post"}],"author":[{"embeddable":true,"href":"https:\/\/clubalemandemendoza.com.ar\/actualidad\/wp-json\/wp\/v2\/users\/3"}],"replies":[{"embeddable":true,"href":"https:\/\/clubalemandemendoza.com.ar\/actualidad\/wp-json\/wp\/v2\/comments?post=87"}],"version-history":[{"count":4,"href":"https:\/\/clubalemandemendoza.com.ar\/actualidad\/wp-json\/wp\/v2\/posts\/87\/revisions"}],"predecessor-version":[{"id":92,"href":"https:\/\/clubalemandemendoza.com.ar\/actualidad\/wp-json\/wp\/v2\/posts\/87\/revisions\/92"}],"wp:featuredmedia":[{"embeddable":true,"href":"https:\/\/clubalemandemendoza.com.ar\/actualidad\/wp-json\/wp\/v2\/media\/88"}],"wp:attachment":[{"href":"https:\/\/clubalemandemendoza.com.ar\/actualidad\/wp-json\/wp\/v2\/media?parent=87"}],"wp:term":[{"taxonomy":"category","embeddable":true,"href":"https:\/\/clubalemandemendoza.com.ar\/actualidad\/wp-json\/wp\/v2\/categories?post=87"},{"taxonomy":"post_tag","embeddable":true,"href":"https:\/\/clubalemandemendoza.com.ar\/actualidad\/wp-json\/wp\/v2\/tags?post=87"}],"curies":[{"name":"wp","href":"https:\/\/api.w.org\/{rel}","templated":true}]}}